{"id":2847,"date":"2020-10-31T20:54:00","date_gmt":"2020-10-31T20:54:00","guid":{"rendered":"https:\/\/inestakestheworld.com\/?p=2847"},"modified":"2020-11-17T11:07:19","modified_gmt":"2020-11-17T11:07:19","slug":"evora-city-guide","status":"publish","type":"post","link":"https:\/\/inestakestheworld.com\/pt\/evora-city-guide\/","title":{"rendered":"GUIA COMPLETO DE \u00c9VORA"},"content":{"rendered":"<p>\u00c9vora, uma das cidades mais atemporais de Portugal, \u00e9 rica em patrim\u00f3nio hist\u00f3rico, arquitetura, cultura e muito mais. L\u00e1 podem encontrar igrejas, pra\u00e7as hist\u00f3ricas, um templo romano, casinhas brancas e ruas coloridas e estreitas. Aqui est\u00e1 o meu Guia da Cidade de \u00c9vora. Espero que gostem!<\/p>\n\n\n\n<h2 class=\"wp-block-heading\"><strong>QUANDO IR<\/strong><\/h2>\n\n\n\n<p>Os ver\u00f5es em \u00c9vora s\u00e3o provavelmente dos mais quentes da Europa, com temperaturas superiores a 35\u00baC por isso n\u00e3o \u00e9 a melhor altura para visitar a cidade. \u00c9 melhor visitar \u00c9vora na Primavera ou no Outono<\/p>\n\n\n\n<p>Eu estive l\u00e1 no in\u00edcio de Outubro. O tempo estava um bocadinho inst\u00e1vel, ainda choveu no primeiro dia mas depois acabou por ficar sol e bem mais agrad\u00e1vel. <\/p>\n\n\n\n<h2 class=\"wp-block-heading\"><strong>ONDE FICAR<\/strong><\/h2>\n\n\n\n<p>N\u00f3s fic\u00e1mos no <a rel=\"noreferrer noopener\" href=\"https:\/\/www.tivolihotels.com\/en\/tivoli-evora-ecoresort\" target=\"_blank\">Tivoli \u00c9vora Ecoresort.<\/a>Foi o primeiro hotel do mundo a ser revestido com corti\u00e7a, um material amigo do ambiente, e projetado para ser o mais sustent\u00e1vel poss\u00edvel. \u00c9 um lugar super tranquilo, perfeito para quem quer descansar. Os quartos estavam bem decorados e limpos. At\u00e9 t\u00ednhamos o nosso pr\u00f3prio p\u00e1tio privado para relaxar. Podem ver o v\u00eddeo que publiquei no <a rel=\"noreferrer noopener\" href=\"https:\/\/www.instagram.com\/tv\/CGF8jJ7FhGh\/\" target=\"_blank\">IGTV<\/a> para verem mais pormenores do quarto. A piscina tinha uma vista incr\u00edvel. Senti-me super segura, notou-se que foram tomadas todas as precau\u00e7\u00f5es necess\u00e1rias face \u00e0 situa\u00e7\u00e3o da covid-19. Al\u00e9m disso, os funcion\u00e1rios foram sempre atenciosos. Foi um fim-de-semana perfeito!<\/p>\n\n\n\n<p>O c\u00f3digo INESTAKESTHEWORLD d\u00e1-vos 10% de desconto se fizerem a reserva diretamente com o Tivoli \u00c9vora Ecoresort atrav\u00e9s do e-mail  rsv.evora@tivoli-hotels.com<\/p>\n\n\n\n<figure class=\"wp-block-image size-large\"><img data-recalc-dims=\"1\" fetchpriority=\"high\" decoding=\"async\" width=\"1034\" height=\"3489\" src=\"https:\/\/i0.wp.com\/inestakestheworld.com\/wp-content\/uploads\/2020\/10\/hotel-1.png?resize=1034%2C3489&#038;ssl=1\" alt=\"\u00c9vora City Guide\" class=\"wp-image-2934\" srcset=\"https:\/\/i0.wp.com\/inestakestheworld.com\/wp-content\/uploads\/2020\/10\/hotel-1.png?w=1034&amp;ssl=1 1034w, https:\/\/i0.wp.com\/inestakestheworld.com\/wp-content\/uploads\/2020\/10\/hotel-1.png?resize=300%2C1012&amp;ssl=1 300w, https:\/\/i0.wp.com\/inestakestheworld.com\/wp-content\/uploads\/2020\/10\/hotel-1.png?resize=455%2C1536&amp;ssl=1 455w, https:\/\/i0.wp.com\/inestakestheworld.com\/wp-content\/uploads\/2020\/10\/hotel-1.png?resize=607%2C2048&amp;ssl=1 607w, https:\/\/i0.wp.com\/inestakestheworld.com\/wp-content\/uploads\/2020\/10\/hotel-1.png?resize=4%2C12&amp;ssl=1 4w, https:\/\/i0.wp.com\/inestakestheworld.com\/wp-content\/uploads\/2020\/10\/hotel-1.png?resize=800%2C2699&amp;ssl=1 800w\" sizes=\"(max-width: 1034px) 100vw, 1034px\" \/><\/figure>\n\n\n\n<h2 class=\"wp-block-heading\"><strong>COMO SE DESLOCAR<\/strong><\/h2>\n\n\n\n<p>A forma mais f\u00e1cil de viajar de Lisboa para \u00c9vora \u00e9 de carro.  O hotel tinha estacionamento gratuito e estava localizado a 15 minutos de carro do centro de \u00c9vora. Basicamente, conduzimos at\u00e9 ao centro hist\u00f3rico, encontr\u00e1mos um lugar para estacionar e visit\u00e1mos a cidade a p\u00e9. \u00c9 mesmo a melhor forma de ver tudo e as atra\u00e7\u00f5es s\u00e3o bastante perto umas das outras o que facilita. <\/p>\n\n\n\n<h2 class=\"wp-block-heading\"><strong>O NOSSO GUIA DE 2 DIAS<\/strong><\/h2>\n\n\n\n<p>Aqui est\u00e1 o que n\u00e3o podem perder em \u00c9vora! Ora, vejam!<\/p>\n\n\n\n<h3 class=\"wp-block-heading\"><strong>1\u00ba DIA<\/strong><\/h3>\n\n\n\n<h4 class=\"wp-block-heading\">Capela dos Ossos<\/h4>\n\n\n\n<p>Fomos recebidos com chuva e nevoeiro. A ideia era visitar o Templo Romano primeiro mas, como estava a chover, acab\u00e1mos por visitar a famosa Capela dos Ossos. <br>No s\u00e9culo XVI existiam 43 cemit\u00e9rios em \u00c9vora que estavam a ocupar terrenos valiosos. Por isso, os monges decidiram construir uma pequena capela onde colocar os ossos. O seu nome (Capela dos Ossos) deve-se ao facto das paredes internas serem decoradas com esses mesmos ossos humanos. <br>Arrepiante e interessante ao mesmo tempo, n\u00e3o acham?<\/p>\n\n\n\n<p><img data-recalc-dims=\"1\" decoding=\"async\" width=\"15\" height=\"15\" class=\"wp-image-2633\" style=\"width: 15px;\" src=\"https:\/\/i0.wp.com\/inestakestheworld.com\/wp-content\/uploads\/2020\/09\/General_Icons_Marker-512.png?resize=15%2C15&#038;ssl=1\" alt=\"\" srcset=\"https:\/\/i0.wp.com\/inestakestheworld.com\/wp-content\/uploads\/2020\/09\/General_Icons_Marker-512.png?w=512&amp;ssl=1 512w, https:\/\/i0.wp.com\/inestakestheworld.com\/wp-content\/uploads\/2020\/09\/General_Icons_Marker-512.png?resize=300%2C300&amp;ssl=1 300w, https:\/\/i0.wp.com\/inestakestheworld.com\/wp-content\/uploads\/2020\/09\/General_Icons_Marker-512.png?resize=150%2C150&amp;ssl=1 150w\" sizes=\"(max-width: 15px) 100vw, 15px\" \/> <span style=\"text-decoration: underline;\">COMO CHEGAR<\/span><\/p>\n\n\n\n<ul class=\"wp-block-list\"><li>Pra\u00e7a 1\u00ba de Maio <\/li><\/ul>\n\n\n\n<figure class=\"wp-block-image size-large\"><img data-recalc-dims=\"1\" decoding=\"async\" width=\"1018\" height=\"2306\" src=\"https:\/\/i0.wp.com\/inestakestheworld.com\/wp-content\/uploads\/2020\/10\/capela_dos_ossos.png?resize=1018%2C2306&#038;ssl=1\" alt=\"\" class=\"wp-image-2931\" srcset=\"https:\/\/i0.wp.com\/inestakestheworld.com\/wp-content\/uploads\/2020\/10\/capela_dos_ossos.png?w=1018&amp;ssl=1 1018w, https:\/\/i0.wp.com\/inestakestheworld.com\/wp-content\/uploads\/2020\/10\/capela_dos_ossos.png?resize=300%2C680&amp;ssl=1 300w, https:\/\/i0.wp.com\/inestakestheworld.com\/wp-content\/uploads\/2020\/10\/capela_dos_ossos.png?resize=678%2C1536&amp;ssl=1 678w, https:\/\/i0.wp.com\/inestakestheworld.com\/wp-content\/uploads\/2020\/10\/capela_dos_ossos.png?resize=904%2C2048&amp;ssl=1 904w, https:\/\/i0.wp.com\/inestakestheworld.com\/wp-content\/uploads\/2020\/10\/capela_dos_ossos.png?resize=5%2C12&amp;ssl=1 5w, https:\/\/i0.wp.com\/inestakestheworld.com\/wp-content\/uploads\/2020\/10\/capela_dos_ossos.png?resize=800%2C1812&amp;ssl=1 800w\" sizes=\"(max-width: 1018px) 100vw, 1018px\" \/><\/figure>\n\n\n\n<h4 class=\"wp-block-heading\">Almo\u00e7o<\/h4>\n\n\n\n<p>T\u00ednhamos preparado um almo\u00e7o r\u00e1pido que pud\u00e9ssemos comer em qualquer lado, enquanto caminh\u00e1vamos pela cidade, mas acab\u00e1mos por comer no carro porque n\u00e3o parava de chover. Depois fomos ao Caf\u00e9 Sto. Humberto para beber um caf\u00e9 e comer um pastel de nata.<\/p>\n\n\n\n<h4 class=\"wp-block-heading\">Pra\u00e7a do Giraldo<\/h4>\n\n\n\n<p>A Pra\u00e7a do Giraldo \u00e9 a pra\u00e7a principal de \u00c9vora. \u00c9 o cora\u00e7\u00e3o da cidade, com caf\u00e9s e restaurantes que complementam os edif\u00edcios envolventes. H\u00e1 tamb\u00e9m uma fonte, ou chafariz, de m\u00e1rmore com 8 bicas, cada uma simboliza uma das principais ruas que vai dar \u00e0 pra\u00e7a. Diz a lenda que Filipe III achou que a fonte merecia ser coroada, da\u00ed encontrarem uma coroa no topo. Tamb\u00e9m podem encontrar a Igreja de Santo Ant\u00e3o, por tr\u00e1s, que vale a pena conhecer pelo seu interior barroco e rococ\u00f3.<\/p>\n\n\n\n<figure class=\"wp-block-image size-large\"><img data-recalc-dims=\"1\" loading=\"lazy\" decoding=\"async\" width=\"1018\" height=\"1578\" src=\"https:\/\/i0.wp.com\/inestakestheworld.com\/wp-content\/uploads\/2020\/10\/giraldo.png?resize=1018%2C1578&#038;ssl=1\" alt=\"\u00c9vora City Guide\" class=\"wp-image-2928\" srcset=\"https:\/\/i0.wp.com\/inestakestheworld.com\/wp-content\/uploads\/2020\/10\/giraldo.png?w=1018&amp;ssl=1 1018w, https:\/\/i0.wp.com\/inestakestheworld.com\/wp-content\/uploads\/2020\/10\/giraldo.png?resize=300%2C465&amp;ssl=1 300w, https:\/\/i0.wp.com\/inestakestheworld.com\/wp-content\/uploads\/2020\/10\/giraldo.png?resize=991%2C1536&amp;ssl=1 991w, https:\/\/i0.wp.com\/inestakestheworld.com\/wp-content\/uploads\/2020\/10\/giraldo.png?resize=8%2C12&amp;ssl=1 8w, https:\/\/i0.wp.com\/inestakestheworld.com\/wp-content\/uploads\/2020\/10\/giraldo.png?resize=800%2C1240&amp;ssl=1 800w\" sizes=\"(max-width: 1018px) 100vw, 1018px\" \/><\/figure>\n\n\n\n<h4 class=\"wp-block-heading\">Templo Romano de \u00c9vora<\/h4>\n\n\n\n<p>Nenhum Guia de \u00c9vora est\u00e1 completo sem o Templo Romano de \u00c9vora, tamb\u00e9m conhecido como Templo de Diana. \u00c9 um dos marcos mais significativos das civiliza\u00e7\u00f5es romana e lusitana em \u00c9vora e no territ\u00f3rio portugu\u00eas. Foi considerado Patrim\u00f3nio Mundial pela UNESCO em 1986.&nbsp;<\/p>\n\n\n\n<p><img data-recalc-dims=\"1\" decoding=\"async\" width=\"15\" height=\"15\" class=\"wp-image-2633\" style=\"width: 15px;\" src=\"https:\/\/i0.wp.com\/inestakestheworld.com\/wp-content\/uploads\/2020\/09\/General_Icons_Marker-512.png?resize=15%2C15&#038;ssl=1\" alt=\"\" srcset=\"https:\/\/i0.wp.com\/inestakestheworld.com\/wp-content\/uploads\/2020\/09\/General_Icons_Marker-512.png?w=512&amp;ssl=1 512w, https:\/\/i0.wp.com\/inestakestheworld.com\/wp-content\/uploads\/2020\/09\/General_Icons_Marker-512.png?resize=300%2C300&amp;ssl=1 300w, https:\/\/i0.wp.com\/inestakestheworld.com\/wp-content\/uploads\/2020\/09\/General_Icons_Marker-512.png?resize=150%2C150&amp;ssl=1 150w\" sizes=\"(max-width: 15px) 100vw, 15px\" \/> <span style=\"text-decoration: underline;\">COMO CHEGAR<\/span><\/p>\n\n\n\n<ul class=\"wp-block-list\"><li>Largo do Conde de Vila Flor<\/li><\/ul>\n\n\n\n<figure class=\"wp-block-image size-large\"><img data-recalc-dims=\"1\" loading=\"lazy\" decoding=\"async\" width=\"1133\" height=\"1573\" src=\"https:\/\/i0.wp.com\/inestakestheworld.com\/wp-content\/uploads\/2020\/10\/roman_temple-2.png?resize=1133%2C1573&#038;ssl=1\" alt=\"\u00c9vora City Guide\" class=\"wp-image-2924\" srcset=\"https:\/\/i0.wp.com\/inestakestheworld.com\/wp-content\/uploads\/2020\/10\/roman_temple-2.png?w=1133&amp;ssl=1 1133w, https:\/\/i0.wp.com\/inestakestheworld.com\/wp-content\/uploads\/2020\/10\/roman_temple-2.png?resize=300%2C417&amp;ssl=1 300w, https:\/\/i0.wp.com\/inestakestheworld.com\/wp-content\/uploads\/2020\/10\/roman_temple-2.png?resize=1106%2C1536&amp;ssl=1 1106w, https:\/\/i0.wp.com\/inestakestheworld.com\/wp-content\/uploads\/2020\/10\/roman_temple-2.png?resize=9%2C12&amp;ssl=1 9w, https:\/\/i0.wp.com\/inestakestheworld.com\/wp-content\/uploads\/2020\/10\/roman_temple-2.png?resize=800%2C1111&amp;ssl=1 800w\" sizes=\"(max-width: 1133px) 100vw, 1133px\" \/><\/figure>\n\n\n\n<h4 class=\"wp-block-heading\">S\u00e9 Catedral de \u00c9vora<\/h4>\n\n\n\n<p>A seguir, fomos visitar a catedral. \u00c9 a maior catedral medieval de Portugal e um dos s\u00edtios mais ic\u00f3nicos de \u00c9vora. Tanto o exterior como o interior merecem a vossa aten\u00e7\u00e3o. No exterior, a c\u00fapula \u00e9 o elemento arquitet\u00f3nico mais marcante. O terra\u00e7o \u00e9 o ponto mais alto de \u00c9vora, de onde podem ver toda a cidade. <\/p>\n\n\n\n<p><img data-recalc-dims=\"1\" decoding=\"async\" width=\"15\" height=\"15\" class=\"wp-image-2633\" style=\"width: 15px;\" src=\"https:\/\/i0.wp.com\/inestakestheworld.com\/wp-content\/uploads\/2020\/09\/General_Icons_Marker-512.png?resize=15%2C15&#038;ssl=1\" alt=\"\" srcset=\"https:\/\/i0.wp.com\/inestakestheworld.com\/wp-content\/uploads\/2020\/09\/General_Icons_Marker-512.png?w=512&amp;ssl=1 512w, https:\/\/i0.wp.com\/inestakestheworld.com\/wp-content\/uploads\/2020\/09\/General_Icons_Marker-512.png?resize=300%2C300&amp;ssl=1 300w, https:\/\/i0.wp.com\/inestakestheworld.com\/wp-content\/uploads\/2020\/09\/General_Icons_Marker-512.png?resize=150%2C150&amp;ssl=1 150w\" sizes=\"(max-width: 15px) 100vw, 15px\" \/> <span style=\"text-decoration: underline;\">COMO CHEGAR<\/span><\/p>\n\n\n\n<ul class=\"wp-block-list\"><li>Largo do Marqu\u00eas de Marialva<\/li><\/ul>\n\n\n\n<figure class=\"wp-block-image size-large\"><img data-recalc-dims=\"1\" loading=\"lazy\" decoding=\"async\" width=\"1034\" height=\"4887\" src=\"https:\/\/i0.wp.com\/inestakestheworld.com\/wp-content\/uploads\/2020\/10\/cathedral.png?resize=1034%2C4887&#038;ssl=1\" alt=\"\u00c9vora City Guide\" class=\"wp-image-2926\" srcset=\"https:\/\/i0.wp.com\/inestakestheworld.com\/wp-content\/uploads\/2020\/10\/cathedral.png?w=1034&amp;ssl=1 1034w, https:\/\/i0.wp.com\/inestakestheworld.com\/wp-content\/uploads\/2020\/10\/cathedral.png?resize=300%2C1418&amp;ssl=1 300w, https:\/\/i0.wp.com\/inestakestheworld.com\/wp-content\/uploads\/2020\/10\/cathedral.png?resize=325%2C1536&amp;ssl=1 325w, https:\/\/i0.wp.com\/inestakestheworld.com\/wp-content\/uploads\/2020\/10\/cathedral.png?resize=800%2C3781&amp;ssl=1 800w\" sizes=\"(max-width: 1034px) 100vw, 1034px\" \/><\/figure>\n\n\n\n<h4 class=\"wp-block-heading\">Jantar no Restaurante Cardo<\/h4>\n\n\n\n<p>Depois fomos para o hotel fazer o check-in e trocar de roupa para o jantar. O restaurante Cardo \u00e9 um convite \u00e0 descoberta dos sabores genu\u00ednos e tradicionais do Alentejo. A comida estava deliciosa, as sobremesas eram INCR\u00cdVEIS e a decora\u00e7\u00e3o absolutamente deslumbrante. Recomendo muito!<\/p>\n\n\n\n<figure class=\"wp-block-image size-large\"><img data-recalc-dims=\"1\" loading=\"lazy\" decoding=\"async\" width=\"1033\" height=\"3965\" src=\"https:\/\/i0.wp.com\/inestakestheworld.com\/wp-content\/uploads\/2020\/10\/dinner.png?resize=1033%2C3965&#038;ssl=1\" alt=\"\u00c9vora City Guide\" class=\"wp-image-2920\" srcset=\"https:\/\/i0.wp.com\/inestakestheworld.com\/wp-content\/uploads\/2020\/10\/dinner.png?w=1033&amp;ssl=1 1033w, https:\/\/i0.wp.com\/inestakestheworld.com\/wp-content\/uploads\/2020\/10\/dinner.png?resize=300%2C1152&amp;ssl=1 300w, https:\/\/i0.wp.com\/inestakestheworld.com\/wp-content\/uploads\/2020\/10\/dinner.png?resize=400%2C1536&amp;ssl=1 400w, https:\/\/i0.wp.com\/inestakestheworld.com\/wp-content\/uploads\/2020\/10\/dinner.png?resize=3%2C12&amp;ssl=1 3w, https:\/\/i0.wp.com\/inestakestheworld.com\/wp-content\/uploads\/2020\/10\/dinner.png?resize=800%2C3071&amp;ssl=1 800w\" sizes=\"(max-width: 1033px) 100vw, 1033px\" \/><\/figure>\n\n\n\n<h3 class=\"wp-block-heading\"><strong>2\u00ba DIA<\/strong><\/h3>\n\n\n\n<h4 class=\"wp-block-heading\">Pequeno-almo\u00e7o no hotel<\/h4>\n\n\n\n<p>Come\u00e7\u00e1mos o dia com o pequeno-almo\u00e7o no hotel, mais uma vez, adaptado \u00e0 nova realidade, com todo o cuidado. No \u00faltimo dia, n\u00e3o t\u00ednhamos nada planeado. A ideia era simplesmente relaxar no hotel e passear pelas ruas de \u00c9vora, sem nenhum plano  nem roteiro. <\/p>\n\n\n\n<p>Fizemos a viagem de volta a Lisboa \u00e0 tarde.<\/p>\n\n\n\n<p>Estejam \u00e0 vontade para ler o meu post sobre <a href=\"https:\/\/inestakestheworld.com\/pt\/2020\/09\/22\/a-day-trip-to-sintra-9-unforgettable-places-to-visit\/\">9 s\u00edtios inesquec\u00edveis para visitar em Sintra<\/a> e o meu <a href=\"https:\/\/inestakestheworld.com\/pt\/2020\/10\/02\/obidos-guide-of-a-charming-medieval-village\/\">Guia de \u00d3bidos<\/a> para uma experi\u00eancia medieval encantadora.<\/p>\n\n\n\n<p>Partilhem este post com os vossos companheiros de viagem. Sigam-me no<a href=\"https:\/\/www.instagram.com\/inestakestheworld\/\">&nbsp;Instagram<\/a>&nbsp;para ver o que estou a fazer e onde estou e n\u00e3o se esque\u00e7am de subscrever o blog se ainda n\u00e3o o fizeram.&nbsp;<\/p>\n\n\n\n                <div class=\"ml-form-embed\"\n                     data-account=\"2033116:t3g7m9w1n3\"\n                     data-form=\"2107772:m2a3w4\">\n                <\/div>","protected":false},"excerpt":{"rendered":"<p>\u00c9vora, uma das cidades mais atemporais de Portugal, \u00e9 rica em patrim\u00f3nio hist\u00f3rico, arquitetura, cultura e muito mais. Aqui est\u00e1 o meu Guia da Cidade de \u00c9vora. Espero que gostem!<\/p>","protected":false},"author":2,"featured_media":0,"comment_status":"open","ping_status":"closed","sticky":false,"template":"","format":"standard","meta":{"jetpack_post_was_ever_published":false,"_jetpack_newsletter_access":"","_jetpack_dont_email_post_to_subs":false,"_jetpack_newsletter_tier_id":0,"_jetpack_memberships_contains_paywalled_content":false,"_jetpack_memberships_contains_paid_content":false,"footnotes":""},"categories":[16],"tags":[62,204,205,203,194,63,22,48,41,23,56,55],"class_list":["post-2847","post","type-post","status-publish","format-standard","hentry","category-travel","tag-dicas-de-viagem","tag-evora","tag-evora-guide","tag-guia-de-evora","tag-portugal","tag-roteiro-de-viagem","tag-travel","tag-travel-blogger","tag-travel-tips","tag-travels","tag-viagem","tag-viajar"],"yoast_head":"<!-- This site is optimized with the Yoast SEO plugin v27.4 - https:\/\/yoast.com\/product\/yoast-seo-wordpress\/ -->\n<title>\u00c9vora City Guide - In\u00eas Takes the World<\/title>\n<meta name=\"description\" content=\"\u00c9vora, one of the most timeless cities in Portugal, is rich in history, architecture and culture. Here is my \u00c9vora City Guide. Take a look!\" \/>\n<meta name=\"robots\" content=\"index, follow, max-snippet:-1, max-image-preview:large, max-video-preview:-1\" \/>\n<link rel=\"canonical\" href=\"http:\/\/inestakestheworld.com\/pt\/evora-city-guide\/\" \/>\n<meta property=\"og:locale\" content=\"pt_PT\" \/>\n<meta property=\"og:type\" content=\"article\" \/>\n<meta property=\"og:title\" content=\"\u00c9vora City Guide - In\u00eas Takes the World\" \/>\n<meta property=\"og:description\" content=\"\u00c9vora, one of the most timeless cities in Portugal, is rich in history, architecture and culture. Here is my \u00c9vora City Guide. Take a look!\" \/>\n<meta property=\"og:url\" content=\"http:\/\/inestakestheworld.com\/pt\/evora-city-guide\/\" \/>\n<meta property=\"og:site_name\" content=\"In\u00eas Takes the World\" \/>\n<meta property=\"article:published_time\" content=\"2020-10-31T20:54:00+00:00\" \/>\n<meta property=\"article:modified_time\" content=\"2020-11-17T11:07:19+00:00\" \/>\n<meta property=\"og:image\" content=\"https:\/\/inestakestheworld.com\/wp-content\/uploads\/2020\/10\/hotel-1.png\" \/>\n<meta name=\"author\" content=\"In\u00easTakestheWorld\" \/>\n<meta name=\"twitter:card\" content=\"summary_large_image\" \/>\n<meta name=\"twitter:label1\" content=\"Escrito por\" \/>\n\t<meta name=\"twitter:data1\" content=\"In\u00easTakestheWorld\" \/>\n\t<meta name=\"twitter:label2\" content=\"Tempo estimado de leitura\" \/>\n\t<meta name=\"twitter:data2\" content=\"4 minutos\" \/>\n<script type=\"application\/ld+json\" class=\"yoast-schema-graph\">{\"@context\":\"https:\\\/\\\/schema.org\",\"@graph\":[{\"@type\":\"Article\",\"@id\":\"http:\\\/\\\/inestakestheworld.com\\\/en\\\/evora-city-guide\\\/#article\",\"isPartOf\":{\"@id\":\"http:\\\/\\\/inestakestheworld.com\\\/en\\\/evora-city-guide\\\/\"},\"author\":{\"name\":\"In\u00easTakestheWorld\",\"@id\":\"https:\\\/\\\/inestakestheworld.com\\\/#\\\/schema\\\/person\\\/0a583cb0a9cf238712d868641bce4eb2\"},\"headline\":\"\u00c9vora City Guide\",\"datePublished\":\"2020-10-31T20:54:00+00:00\",\"dateModified\":\"2020-11-17T11:07:19+00:00\",\"mainEntityOfPage\":{\"@id\":\"http:\\\/\\\/inestakestheworld.com\\\/en\\\/evora-city-guide\\\/\"},\"wordCount\":899,\"commentCount\":3,\"publisher\":{\"@id\":\"https:\\\/\\\/inestakestheworld.com\\\/#\\\/schema\\\/person\\\/0a583cb0a9cf238712d868641bce4eb2\"},\"image\":{\"@id\":\"http:\\\/\\\/inestakestheworld.com\\\/en\\\/evora-city-guide\\\/#primaryimage\"},\"thumbnailUrl\":\"https:\\\/\\\/inestakestheworld.com\\\/wp-content\\\/uploads\\\/2020\\\/10\\\/hotel-1.png\",\"keywords\":[\"dicas de viagem\",\"evora\",\"evora guide\",\"guia de \u00e9vora\",\"portugal\",\"roteiro de viagem\",\"travel\",\"travel blogger\",\"travel tips\",\"travels\",\"viagem\",\"viajar\"],\"articleSection\":[\"Travel\"],\"inLanguage\":\"pt-PT\",\"potentialAction\":[{\"@type\":\"CommentAction\",\"name\":\"Comment\",\"target\":[\"http:\\\/\\\/inestakestheworld.com\\\/en\\\/evora-city-guide\\\/#respond\"]}]},{\"@type\":\"WebPage\",\"@id\":\"http:\\\/\\\/inestakestheworld.com\\\/en\\\/evora-city-guide\\\/\",\"url\":\"http:\\\/\\\/inestakestheworld.com\\\/en\\\/evora-city-guide\\\/\",\"name\":\"\u00c9vora City Guide - In\u00eas Takes the World\",\"isPartOf\":{\"@id\":\"https:\\\/\\\/inestakestheworld.com\\\/#website\"},\"primaryImageOfPage\":{\"@id\":\"http:\\\/\\\/inestakestheworld.com\\\/en\\\/evora-city-guide\\\/#primaryimage\"},\"image\":{\"@id\":\"http:\\\/\\\/inestakestheworld.com\\\/en\\\/evora-city-guide\\\/#primaryimage\"},\"thumbnailUrl\":\"https:\\\/\\\/inestakestheworld.com\\\/wp-content\\\/uploads\\\/2020\\\/10\\\/hotel-1.png\",\"datePublished\":\"2020-10-31T20:54:00+00:00\",\"dateModified\":\"2020-11-17T11:07:19+00:00\",\"description\":\"\u00c9vora, one of the most timeless cities in Portugal, is rich in history, architecture and culture. Here is my \u00c9vora City Guide. Take a look!\",\"breadcrumb\":{\"@id\":\"http:\\\/\\\/inestakestheworld.com\\\/en\\\/evora-city-guide\\\/#breadcrumb\"},\"inLanguage\":\"pt-PT\",\"potentialAction\":[{\"@type\":\"ReadAction\",\"target\":[\"http:\\\/\\\/inestakestheworld.com\\\/en\\\/evora-city-guide\\\/\"]}]},{\"@type\":\"ImageObject\",\"inLanguage\":\"pt-PT\",\"@id\":\"http:\\\/\\\/inestakestheworld.com\\\/en\\\/evora-city-guide\\\/#primaryimage\",\"url\":\"https:\\\/\\\/inestakestheworld.com\\\/wp-content\\\/uploads\\\/2020\\\/10\\\/hotel-1.png\",\"contentUrl\":\"https:\\\/\\\/inestakestheworld.com\\\/wp-content\\\/uploads\\\/2020\\\/10\\\/hotel-1.png\"},{\"@type\":\"BreadcrumbList\",\"@id\":\"http:\\\/\\\/inestakestheworld.com\\\/en\\\/evora-city-guide\\\/#breadcrumb\",\"itemListElement\":[{\"@type\":\"ListItem\",\"position\":1,\"name\":\"Home\",\"item\":\"https:\\\/\\\/inestakestheworld.com\\\/\"},{\"@type\":\"ListItem\",\"position\":2,\"name\":\"\u00c9vora City Guide\"}]},{\"@type\":\"WebSite\",\"@id\":\"https:\\\/\\\/inestakestheworld.com\\\/#website\",\"url\":\"https:\\\/\\\/inestakestheworld.com\\\/\",\"name\":\"Ines Takes the World\",\"description\":\"Portuguese girl based in Lisbon. Dreamer. Travel, photography and fashion lover.\",\"publisher\":{\"@id\":\"https:\\\/\\\/inestakestheworld.com\\\/#\\\/schema\\\/person\\\/0a583cb0a9cf238712d868641bce4eb2\"},\"potentialAction\":[{\"@type\":\"SearchAction\",\"target\":{\"@type\":\"EntryPoint\",\"urlTemplate\":\"https:\\\/\\\/inestakestheworld.com\\\/?s={search_term_string}\"},\"query-input\":{\"@type\":\"PropertyValueSpecification\",\"valueRequired\":true,\"valueName\":\"search_term_string\"}}],\"inLanguage\":\"pt-PT\"},{\"@type\":[\"Person\",\"Organization\"],\"@id\":\"https:\\\/\\\/inestakestheworld.com\\\/#\\\/schema\\\/person\\\/0a583cb0a9cf238712d868641bce4eb2\",\"name\":\"In\u00easTakestheWorld\",\"image\":{\"@type\":\"ImageObject\",\"inLanguage\":\"pt-PT\",\"@id\":\"https:\\\/\\\/secure.gravatar.com\\\/avatar\\\/46723a8f4dc124fae530b94ddf13048f0753add57d89590b44fbbe86b3306060?s=96&d=mm&r=g\",\"url\":\"https:\\\/\\\/secure.gravatar.com\\\/avatar\\\/46723a8f4dc124fae530b94ddf13048f0753add57d89590b44fbbe86b3306060?s=96&d=mm&r=g\",\"contentUrl\":\"https:\\\/\\\/secure.gravatar.com\\\/avatar\\\/46723a8f4dc124fae530b94ddf13048f0753add57d89590b44fbbe86b3306060?s=96&d=mm&r=g\",\"caption\":\"In\u00easTakestheWorld\"},\"logo\":{\"@id\":\"https:\\\/\\\/secure.gravatar.com\\\/avatar\\\/46723a8f4dc124fae530b94ddf13048f0753add57d89590b44fbbe86b3306060?s=96&d=mm&r=g\"},\"sameAs\":[\"https:\\\/\\\/inestakestheworld.com\\\/\",\"inestakestheworld\",\"https:\\\/\\\/www.pinterest.pt\\\/inestakestheworld\\\/_created\\\/\"]}]}<\/script>\n<!-- \/ Yoast SEO plugin. -->","yoast_head_json":{"title":"\u00c9vora City Guide - In\u00eas Takes the World","description":"\u00c9vora, one of the most timeless cities in Portugal, is rich in history, architecture and culture. Here is my \u00c9vora City Guide. Take a look!","robots":{"index":"index","follow":"follow","max-snippet":"max-snippet:-1","max-image-preview":"max-image-preview:large","max-video-preview":"max-video-preview:-1"},"canonical":"http:\/\/inestakestheworld.com\/pt\/evora-city-guide\/","og_locale":"pt_PT","og_type":"article","og_title":"\u00c9vora City Guide - In\u00eas Takes the World","og_description":"\u00c9vora, one of the most timeless cities in Portugal, is rich in history, architecture and culture. Here is my \u00c9vora City Guide. Take a look!","og_url":"http:\/\/inestakestheworld.com\/pt\/evora-city-guide\/","og_site_name":"In\u00eas Takes the World","article_published_time":"2020-10-31T20:54:00+00:00","article_modified_time":"2020-11-17T11:07:19+00:00","og_image":[{"url":"https:\/\/inestakestheworld.com\/wp-content\/uploads\/2020\/10\/hotel-1.png","type":"","width":"","height":""}],"author":"In\u00easTakestheWorld","twitter_card":"summary_large_image","twitter_misc":{"Escrito por":"In\u00easTakestheWorld","Tempo estimado de leitura":"4 minutos"},"schema":{"@context":"https:\/\/schema.org","@graph":[{"@type":"Article","@id":"http:\/\/inestakestheworld.com\/en\/evora-city-guide\/#article","isPartOf":{"@id":"http:\/\/inestakestheworld.com\/en\/evora-city-guide\/"},"author":{"name":"In\u00easTakestheWorld","@id":"https:\/\/inestakestheworld.com\/#\/schema\/person\/0a583cb0a9cf238712d868641bce4eb2"},"headline":"\u00c9vora City Guide","datePublished":"2020-10-31T20:54:00+00:00","dateModified":"2020-11-17T11:07:19+00:00","mainEntityOfPage":{"@id":"http:\/\/inestakestheworld.com\/en\/evora-city-guide\/"},"wordCount":899,"commentCount":3,"publisher":{"@id":"https:\/\/inestakestheworld.com\/#\/schema\/person\/0a583cb0a9cf238712d868641bce4eb2"},"image":{"@id":"http:\/\/inestakestheworld.com\/en\/evora-city-guide\/#primaryimage"},"thumbnailUrl":"https:\/\/inestakestheworld.com\/wp-content\/uploads\/2020\/10\/hotel-1.png","keywords":["dicas de viagem","evora","evora guide","guia de \u00e9vora","portugal","roteiro de viagem","travel","travel blogger","travel tips","travels","viagem","viajar"],"articleSection":["Travel"],"inLanguage":"pt-PT","potentialAction":[{"@type":"CommentAction","name":"Comment","target":["http:\/\/inestakestheworld.com\/en\/evora-city-guide\/#respond"]}]},{"@type":"WebPage","@id":"http:\/\/inestakestheworld.com\/en\/evora-city-guide\/","url":"http:\/\/inestakestheworld.com\/en\/evora-city-guide\/","name":"\u00c9vora City Guide - In\u00eas Takes the World","isPartOf":{"@id":"https:\/\/inestakestheworld.com\/#website"},"primaryImageOfPage":{"@id":"http:\/\/inestakestheworld.com\/en\/evora-city-guide\/#primaryimage"},"image":{"@id":"http:\/\/inestakestheworld.com\/en\/evora-city-guide\/#primaryimage"},"thumbnailUrl":"https:\/\/inestakestheworld.com\/wp-content\/uploads\/2020\/10\/hotel-1.png","datePublished":"2020-10-31T20:54:00+00:00","dateModified":"2020-11-17T11:07:19+00:00","description":"\u00c9vora, one of the most timeless cities in Portugal, is rich in history, architecture and culture. Here is my \u00c9vora City Guide. Take a look!","breadcrumb":{"@id":"http:\/\/inestakestheworld.com\/en\/evora-city-guide\/#breadcrumb"},"inLanguage":"pt-PT","potentialAction":[{"@type":"ReadAction","target":["http:\/\/inestakestheworld.com\/en\/evora-city-guide\/"]}]},{"@type":"ImageObject","inLanguage":"pt-PT","@id":"http:\/\/inestakestheworld.com\/en\/evora-city-guide\/#primaryimage","url":"https:\/\/inestakestheworld.com\/wp-content\/uploads\/2020\/10\/hotel-1.png","contentUrl":"https:\/\/inestakestheworld.com\/wp-content\/uploads\/2020\/10\/hotel-1.png"},{"@type":"BreadcrumbList","@id":"http:\/\/inestakestheworld.com\/en\/evora-city-guide\/#breadcrumb","itemListElement":[{"@type":"ListItem","position":1,"name":"Home","item":"https:\/\/inestakestheworld.com\/"},{"@type":"ListItem","position":2,"name":"\u00c9vora City Guide"}]},{"@type":"WebSite","@id":"https:\/\/inestakestheworld.com\/#website","url":"https:\/\/inestakestheworld.com\/","name":"Ines Takes the World","description":"Portuguesa, nascida e criada em Lisboa. Sonhadora incur\u00e1vel. Apaixonada por viagens, fotografia e moda.","publisher":{"@id":"https:\/\/inestakestheworld.com\/#\/schema\/person\/0a583cb0a9cf238712d868641bce4eb2"},"potentialAction":[{"@type":"SearchAction","target":{"@type":"EntryPoint","urlTemplate":"https:\/\/inestakestheworld.com\/?s={search_term_string}"},"query-input":{"@type":"PropertyValueSpecification","valueRequired":true,"valueName":"search_term_string"}}],"inLanguage":"pt-PT"},{"@type":["Person","Organization"],"@id":"https:\/\/inestakestheworld.com\/#\/schema\/person\/0a583cb0a9cf238712d868641bce4eb2","name":"In\u00easTakestheWorld","image":{"@type":"ImageObject","inLanguage":"pt-PT","@id":"https:\/\/secure.gravatar.com\/avatar\/46723a8f4dc124fae530b94ddf13048f0753add57d89590b44fbbe86b3306060?s=96&d=mm&r=g","url":"https:\/\/secure.gravatar.com\/avatar\/46723a8f4dc124fae530b94ddf13048f0753add57d89590b44fbbe86b3306060?s=96&d=mm&r=g","contentUrl":"https:\/\/secure.gravatar.com\/avatar\/46723a8f4dc124fae530b94ddf13048f0753add57d89590b44fbbe86b3306060?s=96&d=mm&r=g","caption":"In\u00easTakestheWorld"},"logo":{"@id":"https:\/\/secure.gravatar.com\/avatar\/46723a8f4dc124fae530b94ddf13048f0753add57d89590b44fbbe86b3306060?s=96&d=mm&r=g"},"sameAs":["https:\/\/inestakestheworld.com\/","inestakestheworld","https:\/\/www.pinterest.pt\/inestakestheworld\/_created\/"]}]}},"jetpack_featured_media_url":"","jetpack_sharing_enabled":true,"amp_enabled":true,"_links":{"self":[{"href":"https:\/\/inestakestheworld.com\/pt\/wp-json\/wp\/v2\/posts\/2847","targetHints":{"allow":["GET"]}}],"collection":[{"href":"https:\/\/inestakestheworld.com\/pt\/wp-json\/wp\/v2\/posts"}],"about":[{"href":"https:\/\/inestakestheworld.com\/pt\/wp-json\/wp\/v2\/types\/post"}],"author":[{"embeddable":true,"href":"https:\/\/inestakestheworld.com\/pt\/wp-json\/wp\/v2\/users\/2"}],"replies":[{"embeddable":true,"href":"https:\/\/inestakestheworld.com\/pt\/wp-json\/wp\/v2\/comments?post=2847"}],"version-history":[{"count":5,"href":"https:\/\/inestakestheworld.com\/pt\/wp-json\/wp\/v2\/posts\/2847\/revisions"}],"predecessor-version":[{"id":3259,"href":"https:\/\/inestakestheworld.com\/pt\/wp-json\/wp\/v2\/posts\/2847\/revisions\/3259"}],"wp:attachment":[{"href":"https:\/\/inestakestheworld.com\/pt\/wp-json\/wp\/v2\/media?parent=2847"}],"wp:term":[{"taxonomy":"category","embeddable":true,"href":"https:\/\/inestakestheworld.com\/pt\/wp-json\/wp\/v2\/categories?post=2847"},{"taxonomy":"post_tag","embeddable":true,"href":"https:\/\/inestakestheworld.com\/pt\/wp-json\/wp\/v2\/tags?post=2847"}],"curies":[{"name":"wp","href":"https:\/\/api.w.org\/{rel}","templated":true}]}}